{"id":1037,"date":"2015-02-18T11:39:06","date_gmt":"2015-02-18T08:39:06","guid":{"rendered":"http:\/\/improteatris.lv\/?p=1037"},"modified":"2016-02-06T12:48:48","modified_gmt":"2016-02-06T09:48:48","slug":"5-uz-perona-atvadu-izrade","status":"publish","type":"post","link":"https:\/\/improteatris.lv\/?p=1037","title":{"rendered":"5 uz perona &#8211; atvadu izr\u0101de"},"content":{"rendered":"<div class=\"force-format\">\n<p style=\"background-color: transparent; text-align: justify;\"><img loading=\"lazy\" decoding=\"async\" class=\"aligncenter size-full wp-image-1039\" src=\"http:\/\/improteatris.lv\/wp-content\/uploads\/2015\/02\/perons.jpg\" alt=\"perons\" width=\"477\" height=\"159\" srcset=\"https:\/\/improteatris.lv\/wp-content\/uploads\/2015\/02\/perons.jpg 477w, https:\/\/improteatris.lv\/wp-content\/uploads\/2015\/02\/perons-300x100.jpg 300w\" sizes=\"auto, (max-width: 477px) 100vw, 477px\" \/><\/p>\n<blockquote>\n<p style=\"background-color: transparent; text-align: justify;\">&#8220;Laikam nemanot, pie perona piebrauca vilciens. Ce\u013c\u0161 priek\u0161\u0101 t\u0101ls. Laiks atvad\u012bties. Varb\u016bt ne pavisam, jo, kas zina, kad uz perona atkal k\u0101ds izk\u0101ps&#8230; <span style=\"line-height: 1.5em; background-color: transparent;\">M\u012b\u013ci aicin\u0101m uz m\u016bsu atvadu izr\u0101di, v\u0113l p\u0113d\u0113jo reizi pavad\u012bt vakaru kop\u0101 ar improviz\u0101cijas te\u0101tri \u201c5 uz perona\u201d.<br \/>\n<\/span><\/p>\n<\/blockquote>\n<\/div>\n<p style=\"background-color: transparent; text-align: justify;\"><!--more--><\/p>\n<blockquote>\n<p style=\"background-color: transparent; text-align: justify;\"><span style=\"line-height: 1.5em; background-color: transparent;\">Ne vienm\u0113r atvad\u0101m j\u0101b\u016bt skumj\u0101m, pavad\u012bsim vakaru jautr\u0101 un br\u012bv\u0101 atmosf\u0113r\u0101 ar smiekliem un labu humora devu! Tiek aicin\u0101ti visi, kam humors cie\u0146\u0101, protams, l\u012bdzi var \u0146emt draugus, radus, kaimi\u0146us&#8230;<\/span><\/p>\n<p style=\"background-color: transparent; text-align: justify;\"><span style=\"line-height: 1.5em; background-color: transparent;\"><strong>Gaid\u012bsim Tevi 21. febru\u0101r\u012b plkst 19.00 Katlakalna Tautas nam\u0101. Vakars pie galdi\u0146iem, bet ar l\u012bdzpa\u0146emtu cienastu.<\/strong>&#8220;<\/span><\/p>\n<\/blockquote>\n<p style=\"background-color: transparent; text-align: justify;\"><em><span style=\"text-decoration: underline;\">P<\/span><span style=\"line-height: 1.5em; background-color: transparent;\"><span style=\"text-decoration: underline;\">as\u0101kuma norises vieta<\/span> ir Katlakalna Tautas nams \u2013 P\u013cavniekkalna iel\u0101 35; nok\u013c\u016b\u0161ana tur iesp\u0113jama da\u017e\u0101dos veidos, tai skait\u0101 ar\u012b ar sabiedrisko transportu (tie\u0161i kl\u0101t ved mikroautobuss mar\u0161rut\u0101 R\u012bga-P\u013cavniekkalns-\u0136ekava, bet \u012bsa p\u0101rg\u0101jiena att\u0101lum\u0101 \u2013 mikroautobuss mar\u0161rut\u0101 R\u012bga-\u0136ekava vai 26. autobuss \u2013 pirmajam te der pietura \u201cTiturga\u201d, otrajam \u201c\u0100di\u0146as\u201d).<\/span><\/em><\/p>\n<p style=\"background-color: transparent; text-align: center;\">ngg_shortcode_0_placeholder<\/p>\n","protected":false},"excerpt":{"rendered":"<p>&#8220;Laikam nemanot, pie perona piebrauca vilciens. Ce\u013c\u0161 priek\u0161\u0101 t\u0101ls. Laiks atvad\u012bties. Varb\u016bt ne pavisam, jo, kas zina, kad uz perona atkal k\u0101ds izk\u0101ps&#8230; M\u012b\u013ci aicin\u0101m uz m\u016bsu atvadu izr\u0101di, v\u0113l p\u0113d\u0113jo reizi pavad\u012bt vakaru kop\u0101 ar improviz\u0101cijas te\u0101tri \u201c5 uz perona\u201d.<\/p>\n","protected":false},"author":1,"featured_media":0,"comment_status":"open","ping_status":"open","sticky":false,"template":"","format":"standard","meta":{"ngg_post_thumbnail":0,"footnotes":""},"categories":[9],"tags":[115,135],"class_list":["post-1037","post","type-post","status-publish","format-standard","hentry","category-teatri","tag-afisa","tag-atvadas"],"_links":{"self":[{"href":"https:\/\/improteatris.lv\/index.php?rest_route=\/wp\/v2\/posts\/1037","targetHints":{"allow":["GET"]}}],"collection":[{"href":"https:\/\/improteatris.lv\/index.php?rest_route=\/wp\/v2\/posts"}],"about":[{"href":"https:\/\/improteatris.lv\/index.php?rest_route=\/wp\/v2\/types\/post"}],"author":[{"embeddable":true,"href":"https:\/\/improteatris.lv\/index.php?rest_route=\/wp\/v2\/users\/1"}],"replies":[{"embeddable":true,"href":"https:\/\/improteatris.lv\/index.php?rest_route=%2Fwp%2Fv2%2Fcomments&post=1037"}],"version-history":[{"count":7,"href":"https:\/\/improteatris.lv\/index.php?rest_route=\/wp\/v2\/posts\/1037\/revisions"}],"predecessor-version":[{"id":1053,"href":"https:\/\/improteatris.lv\/index.php?rest_route=\/wp\/v2\/posts\/1037\/revisions\/1053"}],"wp:attachment":[{"href":"https:\/\/improteatris.lv\/index.php?rest_route=%2Fwp%2Fv2%2Fmedia&parent=1037"}],"wp:term":[{"taxonomy":"category","embeddable":true,"href":"https:\/\/improteatris.lv\/index.php?rest_route=%2Fwp%2Fv2%2Fcategories&post=1037"},{"taxonomy":"post_tag","embeddable":true,"href":"https:\/\/improteatris.lv\/index.php?rest_route=%2Fwp%2Fv2%2Ftags&post=1037"}],"curies":[{"name":"wp","href":"https:\/\/api.w.org\/{rel}","templated":true}]}}